{"id":3921,"date":"2021-05-18T16:02:05","date_gmt":"2021-05-18T16:02:05","guid":{"rendered":"https:\/\/familie-woehl.de\/?p=3921"},"modified":"2021-05-18T16:12:09","modified_gmt":"2021-05-18T16:12:09","slug":"antons-zeitungsfischchen","status":"publish","type":"post","link":"https:\/\/familie-woehl.de\/?p=3921","title":{"rendered":"Antons Zeitungsfischchen"},"content":{"rendered":"\n<p>Anton hat mit obigem Bild am Kunstwettbewerb zum 75. Geburtstag der <a href=\"http:\/\/flz.de\" data-type=\"URL\" data-id=\"http:\/\/flz.de\" target=\"_blank\" rel=\"noreferrer noopener\">Fr\u00e4nkischen Landeszeitung<\/a> teilgenommen. Sein Bild wurde zwar nicht pr\u00e4miert, aber in <a rel=\"noreferrer noopener\" href=\"https:\/\/familie-woehl.de\/wp-content\/uploads\/2021\/05\/FLZ-Artikel_20210518.pdf\" data-type=\"URL\" data-id=\"https:\/\/familie-woehl.de\/wp-content\/uploads\/2021\/05\/FLZ-Artikel_20210518.pdf\" target=\"_blank\">einem gro\u00dfen Zeitungsartikel<\/a> hervorgehoben.<\/p>\n\n\n\n<div class=\"wp-block-buttons is-layout-flex wp-block-buttons-is-layout-flex\">\n<div class=\"wp-block-button\"><a class=\"wp-block-button__link has-medium-pink-background-color has-background\" href=\"https:\/\/familie-woehl.de\/\">zur\u00fcck zur Startseite<\/a><\/div>\n<\/div>\n\n\n\n<p><\/p>\n","protected":false},"excerpt":{"rendered":"<p>Anton hat mit obigem Bild am Kunstwettbewerb zum 75. Geburtstag der Fr\u00e4nkischen Landeszeitung teilgenommen. Sein Bild wurde zwar nicht pr\u00e4miert, aber in einem gro\u00dfen Zeitungsartikel hervorgehoben.<\/p>\n","protected":false},"author":1,"featured_media":3920,"comment_status":"open","ping_status":"open","sticky":false,"template":"","format":"standard","meta":{"footnotes":""},"categories":[1],"tags":[],"class_list":["post-3921","post","type-post","status-publish","format-standard","has-post-thumbnail","hentry","category-uncategorized"],"_links":{"self":[{"href":"https:\/\/familie-woehl.de\/index.php?rest_route=\/wp\/v2\/posts\/3921","targetHints":{"allow":["GET"]}}],"collection":[{"href":"https:\/\/familie-woehl.de\/index.php?rest_route=\/wp\/v2\/posts"}],"about":[{"href":"https:\/\/familie-woehl.de\/index.php?rest_route=\/wp\/v2\/types\/post"}],"author":[{"embeddable":true,"href":"https:\/\/familie-woehl.de\/index.php?rest_route=\/wp\/v2\/users\/1"}],"replies":[{"embeddable":true,"href":"https:\/\/familie-woehl.de\/index.php?rest_route=%2Fwp%2Fv2%2Fcomments&post=3921"}],"version-history":[{"count":8,"href":"https:\/\/familie-woehl.de\/index.php?rest_route=\/wp\/v2\/posts\/3921\/revisions"}],"predecessor-version":[{"id":3929,"href":"https:\/\/familie-woehl.de\/index.php?rest_route=\/wp\/v2\/posts\/3921\/revisions\/3929"}],"wp:featuredmedia":[{"embeddable":true,"href":"https:\/\/familie-woehl.de\/index.php?rest_route=\/wp\/v2\/media\/3920"}],"wp:attachment":[{"href":"https:\/\/familie-woehl.de\/index.php?rest_route=%2Fwp%2Fv2%2Fmedia&parent=3921"}],"wp:term":[{"taxonomy":"category","embeddable":true,"href":"https:\/\/familie-woehl.de\/index.php?rest_route=%2Fwp%2Fv2%2Fcategories&post=3921"},{"taxonomy":"post_tag","embeddable":true,"href":"https:\/\/familie-woehl.de\/index.php?rest_route=%2Fwp%2Fv2%2Ftags&post=3921"}],"curies":[{"name":"wp","href":"https:\/\/api.w.org\/{rel}","templated":true}]}}