{"id":4062,"date":"2021-11-15T17:25:28","date_gmt":"2021-11-15T17:25:28","guid":{"rendered":"https:\/\/familie-woehl.de\/?p=4062"},"modified":"2022-01-31T17:26:48","modified_gmt":"2022-01-31T17:26:48","slug":"informationen-zu-salesker-strand-in-den-jahren-nach-1947","status":"publish","type":"post","link":"https:\/\/familie-woehl.de\/?p=4062","title":{"rendered":"Informationen zu Salesker Strand in den Jahren nach 1947"},"content":{"rendered":"\n<p>Mit einer Email eines wahrscheinlich polnischen Lesers der Chronik-Seiten, die von Salesker Strand berichten, erhielt ich dankenswerterweise Links auf zwei Anfang 2021 im Internet erschienene Zeitungsartikel von&nbsp;<strong>W\u0142odzimierz Lipczy\u0144ski,<\/strong> die auch auf deutsch gut lesbar sind, wenn man im Chrome-Browser den Google-\u00dcbersetzer einschaltet:<\/p>\n\n\n\n<ul class=\"wp-block-list\"><li><a rel=\"noreferrer noopener\" href=\"https:\/\/ustka.naszemiasto.pl\/zapomniana-osada-niedaleko-ustki-poznajcie-legende-wsi\/ar\/c1-8183113\" target=\"_blank\">&nbsp;<strong>Zalesin, eine vergessene Siedlung in der N\u00e4he von Ustka.&nbsp;Es hat eine Legende<\/strong><\/a><\/li><li>&nbsp;<strong><a rel=\"noreferrer noopener\" href=\"https:\/\/ustka.naszemiasto.pl\/misja-samarytanek-w-zapomnianym-zalesinie-zdjecia\/ar\/c1-8236909\" target=\"_blank\">Die Mission der Samariter im vergessenen Zalesin<\/a><\/strong><\/li><\/ul>\n\n\n\n<p>Dar\u00fcber hinaus bin ich im Internet noch auf weitere interessante Information zu Zalesin in den Jahren nach 1947 gesto\u00dfen, die ich auf der Seite <strong><a href=\"https:\/\/familie-woehl.de\/?page_id=4033\" data-type=\"page\" data-id=\"4033\">Spuren vom polnischen Zalesin<\/a><\/strong> zusammengestellt habe.<\/p>\n\n\n\n<div class=\"wp-block-buttons is-layout-flex wp-block-buttons-is-layout-flex\">\n<div class=\"wp-block-button\"><a class=\"wp-block-button__link has-medium-pink-background-color has-background\" href=\"https:\/\/familie-woehl.de\/\">zur\u00fcck zur Startseite<\/a><\/div>\n<\/div>\n","protected":false},"excerpt":{"rendered":"<p>Mit einer Email eines wahrscheinlich polnischen Lesers der Chronik-Seiten, die von Salesker Strand berichten, erhielt ich dankenswerterweise Links auf zwei Anfang 2021 im Internet erschienene Zeitungsartikel von&nbsp;W\u0142odzimierz Lipczy\u0144ski, die auch auf deutsch gut lesbar sind, wenn man im Chrome-Browser den Google-\u00dcbersetzer einschaltet: &nbsp;Zalesin, eine vergessene Siedlung in der N\u00e4he von Ustka.&nbsp;Es hat eine Legende &nbsp;Die &hellip; <a href=\"https:\/\/familie-woehl.de\/?p=4062\" class=\"more-link\"><span class=\"screen-reader-text\">Informationen zu Salesker Strand in den Jahren nach 1947<\/span> weiterlesen<\/a><\/p>\n","protected":false},"author":1,"featured_media":4034,"comment_status":"closed","ping_status":"closed","sticky":false,"template":"","format":"standard","meta":{"footnotes":""},"categories":[1],"tags":[],"class_list":["post-4062","post","type-post","status-publish","format-standard","has-post-thumbnail","hentry","category-uncategorized"],"_links":{"self":[{"href":"https:\/\/familie-woehl.de\/index.php?rest_route=\/wp\/v2\/posts\/4062","targetHints":{"allow":["GET"]}}],"collection":[{"href":"https:\/\/familie-woehl.de\/index.php?rest_route=\/wp\/v2\/posts"}],"about":[{"href":"https:\/\/familie-woehl.de\/index.php?rest_route=\/wp\/v2\/types\/post"}],"author":[{"embeddable":true,"href":"https:\/\/familie-woehl.de\/index.php?rest_route=\/wp\/v2\/users\/1"}],"replies":[{"embeddable":true,"href":"https:\/\/familie-woehl.de\/index.php?rest_route=%2Fwp%2Fv2%2Fcomments&post=4062"}],"version-history":[{"count":4,"href":"https:\/\/familie-woehl.de\/index.php?rest_route=\/wp\/v2\/posts\/4062\/revisions"}],"predecessor-version":[{"id":4160,"href":"https:\/\/familie-woehl.de\/index.php?rest_route=\/wp\/v2\/posts\/4062\/revisions\/4160"}],"wp:featuredmedia":[{"embeddable":true,"href":"https:\/\/familie-woehl.de\/index.php?rest_route=\/wp\/v2\/media\/4034"}],"wp:attachment":[{"href":"https:\/\/familie-woehl.de\/index.php?rest_route=%2Fwp%2Fv2%2Fmedia&parent=4062"}],"wp:term":[{"taxonomy":"category","embeddable":true,"href":"https:\/\/familie-woehl.de\/index.php?rest_route=%2Fwp%2Fv2%2Fcategories&post=4062"},{"taxonomy":"post_tag","embeddable":true,"href":"https:\/\/familie-woehl.de\/index.php?rest_route=%2Fwp%2Fv2%2Ftags&post=4062"}],"curies":[{"name":"wp","href":"https:\/\/api.w.org\/{rel}","templated":true}]}}