{"id":4423,"date":"2023-01-29T14:30:19","date_gmt":"2023-01-29T14:30:19","guid":{"rendered":"https:\/\/familie-woehl.de\/?p=4423"},"modified":"2023-02-01T17:23:41","modified_gmt":"2023-02-01T17:23:41","slug":"briefe-aus-den-1920-30er-jahren-sowie-eine-sage-aus-salesker-strand","status":"publish","type":"post","link":"https:\/\/familie-woehl.de\/?p=4423","title":{"rendered":"Briefe aus den 1920\/30er Jahren sowie eine Erz\u00e4hlung aus Salesker-Strand"},"content":{"rendered":"\n<p>Im Nachlass unserer Eltern fand Jan noch einige in den 1920er und 1930er Jahren geschriebene Briefe von den Urgro\u00dfeltern und Oma R\u00fcchel an Tante Frieda, die einiges von dem harten Leben in Salesker-Strand jener Zeit erz\u00e4hlen (siehe in den Chronik-Erg\u00e4nzungen unter <a href=\"https:\/\/familie-woehl.de\/?page_id=2928\" data-type=\"page\" data-id=\"2928\">Briefe<\/a>). <\/p>\n\n\n<div class=\"wp-block-image\">\n<figure class=\"alignleft size-thumbnail\"><a href=\"https:\/\/familie-woehl.de\/?page_id=4467\"><img loading=\"lazy\" decoding=\"async\" width=\"103\" height=\"150\" src=\"https:\/\/familie-woehl.de\/wp-content\/uploads\/2023\/01\/231116Mathilde_an_Frieda_S1-103x150.jpg\" alt=\"\" class=\"wp-image-4367\" srcset=\"https:\/\/familie-woehl.de\/wp-content\/uploads\/2023\/01\/231116Mathilde_an_Frieda_S1-103x150.jpg 103w, https:\/\/familie-woehl.de\/wp-content\/uploads\/2023\/01\/231116Mathilde_an_Frieda_S1-205x300.jpg 205w, https:\/\/familie-woehl.de\/wp-content\/uploads\/2023\/01\/231116Mathilde_an_Frieda_S1-700x1024.jpg 700w, https:\/\/familie-woehl.de\/wp-content\/uploads\/2023\/01\/231116Mathilde_an_Frieda_S1-768x1124.jpg 768w, https:\/\/familie-woehl.de\/wp-content\/uploads\/2023\/01\/231116Mathilde_an_Frieda_S1-1050x1536.jpg 1050w, https:\/\/familie-woehl.de\/wp-content\/uploads\/2023\/01\/231116Mathilde_an_Frieda_S1-1400x2048.jpg 1400w, https:\/\/familie-woehl.de\/wp-content\/uploads\/2023\/01\/231116Mathilde_an_Frieda_S1-scaled.jpg 1750w\" sizes=\"auto, (max-width: 103px) 100vw, 103px\" \/><\/a><\/figure>\n<\/div>\n\n\n<p>Besonders interessant ist <a href=\"https:\/\/familie-woehl.de\/?page_id=4467\">Mathilde St\u00f6ckmanns Brief vom 16.11.1923<\/a>, der w\u00e4hrend Hyperinflation kurz vor Annemaries Geburt und Tante Friedas Heirat geschrieben wurde. <\/p>\n\n\n\n<div style=\"height:2px\" aria-hidden=\"true\" class=\"wp-block-spacer\"><\/div>\n\n\n\n<p>Auf einer <a href=\"https:\/\/kpbc.umk.pl\/dlibra\/docmetadata?from=rss&amp;id=225223\">polnischen Seite im Internet<\/a> fand sich zudem das digitalisierte Buch &#8222;Volkssagen und Erz\u00e4hlungen aus der Stadt und dem Landkreis Stolp&#8220;, gesammelt und herausgegeben von Professor Otto Knoop 1925, das auch die folgende Erz\u00e4hlung aus Salesker-Strand enth\u00e4lt:<\/p>\n\n\n<div class=\"wp-block-image\">\n<figure class=\"aligncenter size-full\"><img loading=\"lazy\" decoding=\"async\" width=\"450\" height=\"241\" src=\"https:\/\/familie-woehl.de\/wp-content\/uploads\/2023\/01\/Kreuzotternsage_von_Salesker_Strand.jpg\" alt=\"\" class=\"wp-image-4424\" srcset=\"https:\/\/familie-woehl.de\/wp-content\/uploads\/2023\/01\/Kreuzotternsage_von_Salesker_Strand.jpg 450w, https:\/\/familie-woehl.de\/wp-content\/uploads\/2023\/01\/Kreuzotternsage_von_Salesker_Strand-300x161.jpg 300w, https:\/\/familie-woehl.de\/wp-content\/uploads\/2023\/01\/Kreuzotternsage_von_Salesker_Strand-150x80.jpg 150w\" sizes=\"auto, (max-width: 450px) 100vw, 450px\" \/><\/figure>\n<\/div>\n\n\n<p>Auch in den Erz\u00e4hlungen unserer Mutter Annemarie spielten Kreuzottern eine gro\u00dfe Rolle. Zeitlebens hatte sie gro\u00dfe Angst vor Schlangen und speziell beim Blaubeersammeln vor Kreuzottern.<\/p>\n\n\n\n<div class=\"wp-block-buttons is-content-justification-left is-layout-flex wp-container-core-buttons-is-layout-fdcfc74e wp-block-buttons-is-layout-flex\">\n<div class=\"wp-block-button is-style-fill\"><a class=\"wp-block-button__link has-medium-pink-background-color has-background wp-element-button\" href=\"https:\/\/familie-woehl.de\/\">zur\u00fcck zur Startseite<\/a><\/div>\n<\/div>\n","protected":false},"excerpt":{"rendered":"<p>Im Nachlass unserer Eltern fand Jan noch einige in den 1920er und 1930er Jahren geschriebene Briefe von den Urgro\u00dfeltern und Oma R\u00fcchel an Tante Frieda, die einiges von dem harten Leben in Salesker-Strand jener Zeit erz\u00e4hlen (siehe in den Chronik-Erg\u00e4nzungen unter Briefe). Besonders interessant ist Mathilde St\u00f6ckmanns Brief vom 16.11.1923, der w\u00e4hrend Hyperinflation kurz vor &hellip; <a href=\"https:\/\/familie-woehl.de\/?p=4423\" class=\"more-link\"><span class=\"screen-reader-text\">Briefe aus den 1920\/30er Jahren sowie eine Erz\u00e4hlung aus Salesker-Strand<\/span> weiterlesen<\/a><\/p>\n","protected":false},"author":1,"featured_media":4424,"comment_status":"closed","ping_status":"closed","sticky":false,"template":"","format":"standard","meta":{"footnotes":""},"categories":[1],"tags":[],"class_list":["post-4423","post","type-post","status-publish","format-standard","has-post-thumbnail","hentry","category-uncategorized"],"_links":{"self":[{"href":"https:\/\/familie-woehl.de\/index.php?rest_route=\/wp\/v2\/posts\/4423","targetHints":{"allow":["GET"]}}],"collection":[{"href":"https:\/\/familie-woehl.de\/index.php?rest_route=\/wp\/v2\/posts"}],"about":[{"href":"https:\/\/familie-woehl.de\/index.php?rest_route=\/wp\/v2\/types\/post"}],"author":[{"embeddable":true,"href":"https:\/\/familie-woehl.de\/index.php?rest_route=\/wp\/v2\/users\/1"}],"replies":[{"embeddable":true,"href":"https:\/\/familie-woehl.de\/index.php?rest_route=%2Fwp%2Fv2%2Fcomments&post=4423"}],"version-history":[{"count":9,"href":"https:\/\/familie-woehl.de\/index.php?rest_route=\/wp\/v2\/posts\/4423\/revisions"}],"predecessor-version":[{"id":4509,"href":"https:\/\/familie-woehl.de\/index.php?rest_route=\/wp\/v2\/posts\/4423\/revisions\/4509"}],"wp:featuredmedia":[{"embeddable":true,"href":"https:\/\/familie-woehl.de\/index.php?rest_route=\/wp\/v2\/media\/4424"}],"wp:attachment":[{"href":"https:\/\/familie-woehl.de\/index.php?rest_route=%2Fwp%2Fv2%2Fmedia&parent=4423"}],"wp:term":[{"taxonomy":"category","embeddable":true,"href":"https:\/\/familie-woehl.de\/index.php?rest_route=%2Fwp%2Fv2%2Fcategories&post=4423"},{"taxonomy":"post_tag","embeddable":true,"href":"https:\/\/familie-woehl.de\/index.php?rest_route=%2Fwp%2Fv2%2Ftags&post=4423"}],"curies":[{"name":"wp","href":"https:\/\/api.w.org\/{rel}","templated":true}]}}