{"id":4959,"date":"2024-04-01T13:50:33","date_gmt":"2024-04-01T13:50:33","guid":{"rendered":"https:\/\/familie-woehl.de\/?p=4959"},"modified":"2025-09-09T13:42:51","modified_gmt":"2025-09-09T13:42:51","slug":"muenze-des-familien-notgroschens-aufgetaucht","status":"publish","type":"post","link":"https:\/\/familie-woehl.de\/?p=4959","title":{"rendered":"M\u00fcnze des Familien-Notgroschens aufgetaucht?"},"content":{"rendered":"\n<p>In der Familie war es immer wichtig, f\u00fcr Notzeiten \u00fcber einen sogenannte Notgroschen zu verf\u00fcgen. Nun ist eine in Stettin unter schwedischer Verwaltung gepr\u00e4gte M\u00fcnze (1\/48 Taler) aus dem Jahr 1661 aufgetaucht, die m\u00f6glicherweise Teil des Notgroschens der in Salesker Strand lebenden Vorfahren gewesen war. Zu dem Notgroschen geh\u00f6rte stets auch eine Goldm\u00fcnze \u00fcber 10 Mark mit Kaiser Wilhelm II, die \u00fcber 2 Weltkriege und die Inflationszeit gerettet worden war und auf die Opa Martin besonders stolz war. Die M\u00fcnze, die jetzt Julius geh\u00f6rt, ist wahrscheinlich nicht mehr das Original von Opa Martin.<\/p>\n\n\n\n<figure class=\"wp-block-gallery has-nested-images columns-default is-cropped wp-block-gallery-1 is-layout-flex wp-block-gallery-is-layout-flex\">\n<figure class=\"wp-block-image size-large\"><a href=\"https:\/\/familie-woehl.de\/wp-content\/uploads\/2024\/04\/Muenze_Vorderseite.jpg\"><img loading=\"lazy\" decoding=\"async\" width=\"1024\" height=\"979\" data-id=\"4960\" src=\"https:\/\/familie-woehl.de\/wp-content\/uploads\/2024\/04\/Muenze_Vorderseite-1024x979.jpg\" alt=\"\" class=\"wp-image-4960\" srcset=\"https:\/\/familie-woehl.de\/wp-content\/uploads\/2024\/04\/Muenze_Vorderseite-1024x979.jpg 1024w, https:\/\/familie-woehl.de\/wp-content\/uploads\/2024\/04\/Muenze_Vorderseite-300x287.jpg 300w, https:\/\/familie-woehl.de\/wp-content\/uploads\/2024\/04\/Muenze_Vorderseite-150x143.jpg 150w, https:\/\/familie-woehl.de\/wp-content\/uploads\/2024\/04\/Muenze_Vorderseite-768x734.jpg 768w, https:\/\/familie-woehl.de\/wp-content\/uploads\/2024\/04\/Muenze_Vorderseite-1536x1468.jpg 1536w, https:\/\/familie-woehl.de\/wp-content\/uploads\/2024\/04\/Muenze_Vorderseite.jpg 1600w\" sizes=\"auto, (max-width: 1024px) 100vw, 1024px\" \/><\/a><figcaption class=\"wp-element-caption\">Pommern Stettin unter schwedischer Besetzung &#8211; 1\/48 Taler aus dem Jahr 1661;.Einzelst\u00fcck aus Silber, wiegt 0,8g.<\/figcaption><\/figure>\n\n\n\n<figure class=\"wp-block-image size-large\"><a href=\"https:\/\/familie-woehl.de\/wp-content\/uploads\/2024\/04\/Muenze_Rueckseite.jpg\"><img loading=\"lazy\" decoding=\"async\" width=\"1024\" height=\"995\" data-id=\"4961\" src=\"https:\/\/familie-woehl.de\/wp-content\/uploads\/2024\/04\/Muenze_Rueckseite-1024x995.jpg\" alt=\"\" class=\"wp-image-4961\" srcset=\"https:\/\/familie-woehl.de\/wp-content\/uploads\/2024\/04\/Muenze_Rueckseite-1024x995.jpg 1024w, https:\/\/familie-woehl.de\/wp-content\/uploads\/2024\/04\/Muenze_Rueckseite-300x292.jpg 300w, https:\/\/familie-woehl.de\/wp-content\/uploads\/2024\/04\/Muenze_Rueckseite-150x146.jpg 150w, https:\/\/familie-woehl.de\/wp-content\/uploads\/2024\/04\/Muenze_Rueckseite-768x746.jpg 768w, https:\/\/familie-woehl.de\/wp-content\/uploads\/2024\/04\/Muenze_Rueckseite-1536x1493.jpg 1536w, https:\/\/familie-woehl.de\/wp-content\/uploads\/2024\/04\/Muenze_Rueckseite.jpg 1600w\" sizes=\"auto, (max-width: 1024px) 100vw, 1024px\" \/><\/a><figcaption class=\"wp-element-caption\">R\u00fcckseite (M\u00fcnze ist leider verloren gegangen)<\/figcaption><\/figure>\n\n\n\n<figure class=\"wp-block-image size-large\"><a href=\"https:\/\/familie-woehl.de\/wp-content\/uploads\/2024\/04\/s-l1600V.jpg\"><img loading=\"lazy\" decoding=\"async\" width=\"740\" height=\"744\" data-id=\"4985\" src=\"https:\/\/familie-woehl.de\/wp-content\/uploads\/2024\/04\/s-l1600V.jpg\" alt=\"\" class=\"wp-image-4985\" srcset=\"https:\/\/familie-woehl.de\/wp-content\/uploads\/2024\/04\/s-l1600V.jpg 740w, https:\/\/familie-woehl.de\/wp-content\/uploads\/2024\/04\/s-l1600V-298x300.jpg 298w, https:\/\/familie-woehl.de\/wp-content\/uploads\/2024\/04\/s-l1600V-150x150.jpg 150w\" sizes=\"auto, (max-width: 740px) 100vw, 740px\" \/><\/a><figcaption class=\"wp-element-caption\">Pommern, Karl XI., 1\/12 Taler 1691 ILA, Silber<\/figcaption><\/figure>\n\n\n\n<figure class=\"wp-block-image size-large\"><a href=\"https:\/\/familie-woehl.de\/wp-content\/uploads\/2024\/04\/s-l1600R.jpg\"><img loading=\"lazy\" decoding=\"async\" width=\"737\" height=\"741\" data-id=\"4986\" src=\"https:\/\/familie-woehl.de\/wp-content\/uploads\/2024\/04\/s-l1600R.jpg\" alt=\"\" class=\"wp-image-4986\" srcset=\"https:\/\/familie-woehl.de\/wp-content\/uploads\/2024\/04\/s-l1600R.jpg 737w, https:\/\/familie-woehl.de\/wp-content\/uploads\/2024\/04\/s-l1600R-298x300.jpg 298w, https:\/\/familie-woehl.de\/wp-content\/uploads\/2024\/04\/s-l1600R-150x150.jpg 150w\" sizes=\"auto, (max-width: 737px) 100vw, 737px\" \/><\/a><figcaption class=\"wp-element-caption\">R\u00fcckseite<\/figcaption><\/figure>\n\n\n\n<figure class=\"wp-block-image size-large\"><a href=\"https:\/\/familie-woehl.de\/wp-content\/uploads\/2024\/04\/Muenze1763V.jpg\"><img loading=\"lazy\" decoding=\"async\" width=\"1024\" height=\"999\" data-id=\"4987\" src=\"https:\/\/familie-woehl.de\/wp-content\/uploads\/2024\/04\/Muenze1763V-1024x999.jpg\" alt=\"\" class=\"wp-image-4987\" srcset=\"https:\/\/familie-woehl.de\/wp-content\/uploads\/2024\/04\/Muenze1763V-1024x999.jpg 1024w, https:\/\/familie-woehl.de\/wp-content\/uploads\/2024\/04\/Muenze1763V-300x293.jpg 300w, https:\/\/familie-woehl.de\/wp-content\/uploads\/2024\/04\/Muenze1763V-150x146.jpg 150w, https:\/\/familie-woehl.de\/wp-content\/uploads\/2024\/04\/Muenze1763V-768x749.jpg 768w, https:\/\/familie-woehl.de\/wp-content\/uploads\/2024\/04\/Muenze1763V.jpg 1337w\" sizes=\"auto, (max-width: 1024px) 100vw, 1024px\" \/><\/a><figcaption class=\"wp-element-caption\">Pommern &#8211; Stralsund &#8211; Adolf Friedrich &#8211; M\u00fcnze 1\/48 Taler 1763 Silber <\/figcaption><\/figure>\n\n\n\n<figure class=\"wp-block-image size-large\"><a href=\"https:\/\/familie-woehl.de\/wp-content\/uploads\/2024\/04\/Muenze1763R.jpg\"><img loading=\"lazy\" decoding=\"async\" width=\"1024\" height=\"1014\" data-id=\"4988\" src=\"https:\/\/familie-woehl.de\/wp-content\/uploads\/2024\/04\/Muenze1763R-1024x1014.jpg\" alt=\"\" class=\"wp-image-4988\" srcset=\"https:\/\/familie-woehl.de\/wp-content\/uploads\/2024\/04\/Muenze1763R-1024x1014.jpg 1024w, https:\/\/familie-woehl.de\/wp-content\/uploads\/2024\/04\/Muenze1763R-300x297.jpg 300w, https:\/\/familie-woehl.de\/wp-content\/uploads\/2024\/04\/Muenze1763R-150x148.jpg 150w, https:\/\/familie-woehl.de\/wp-content\/uploads\/2024\/04\/Muenze1763R-768x760.jpg 768w, https:\/\/familie-woehl.de\/wp-content\/uploads\/2024\/04\/Muenze1763R.jpg 1298w\" sizes=\"auto, (max-width: 1024px) 100vw, 1024px\" \/><\/a><figcaption class=\"wp-element-caption\">R\u00fcckseite<\/figcaption><\/figure>\n\n\n\n<figure class=\"wp-block-image size-large\"><a href=\"https:\/\/familie-woehl.de\/wp-content\/uploads\/2024\/04\/160505002bz.jpg\"><img loading=\"lazy\" decoding=\"async\" width=\"701\" height=\"349\" data-id=\"4989\" src=\"https:\/\/familie-woehl.de\/wp-content\/uploads\/2024\/04\/160505002bz.jpg\" alt=\"\" class=\"wp-image-4989\" srcset=\"https:\/\/familie-woehl.de\/wp-content\/uploads\/2024\/04\/160505002bz.jpg 701w, https:\/\/familie-woehl.de\/wp-content\/uploads\/2024\/04\/160505002bz-300x149.jpg 300w, https:\/\/familie-woehl.de\/wp-content\/uploads\/2024\/04\/160505002bz-150x75.jpg 150w\" sizes=\"auto, (max-width: 701px) 100vw, 701px\" \/><\/a><figcaption class=\"wp-element-caption\">Pommern-Stolp, Stadt (Slupsk) Denar (konnte leider nicht ersteigert werden)<\/figcaption><\/figure>\n\n\n\n<figure class=\"wp-block-image size-large\"><a href=\"https:\/\/familie-woehl.de\/wp-content\/uploads\/2024\/05\/s-l1600-1.jpg\"><img loading=\"lazy\" decoding=\"async\" width=\"1024\" height=\"1022\" data-id=\"4999\" src=\"https:\/\/familie-woehl.de\/wp-content\/uploads\/2024\/05\/s-l1600-1-1024x1022.jpg\" alt=\"\" class=\"wp-image-4999\" srcset=\"https:\/\/familie-woehl.de\/wp-content\/uploads\/2024\/05\/s-l1600-1-1024x1022.jpg 1024w, https:\/\/familie-woehl.de\/wp-content\/uploads\/2024\/05\/s-l1600-1-300x300.jpg 300w, https:\/\/familie-woehl.de\/wp-content\/uploads\/2024\/05\/s-l1600-1-150x150.jpg 150w, https:\/\/familie-woehl.de\/wp-content\/uploads\/2024\/05\/s-l1600-1-768x767.jpg 768w, https:\/\/familie-woehl.de\/wp-content\/uploads\/2024\/05\/s-l1600-1-1536x1533.jpg 1536w, https:\/\/familie-woehl.de\/wp-content\/uploads\/2024\/05\/s-l1600-1.jpg 1600w\" sizes=\"auto, (max-width: 1024px) 100vw, 1024px\" \/><\/a><figcaption class=\"wp-element-caption\"><strong>Vierchen, 1400-1450, Stadt Stettin<\/strong>,Vorderseite<\/figcaption><\/figure>\n\n\n\n<figure class=\"wp-block-image size-large\"><a href=\"https:\/\/familie-woehl.de\/wp-content\/uploads\/2024\/05\/s-l1600-2.jpg\"><img loading=\"lazy\" decoding=\"async\" width=\"1012\" height=\"1024\" data-id=\"5000\" src=\"https:\/\/familie-woehl.de\/wp-content\/uploads\/2024\/05\/s-l1600-2-1012x1024.jpg\" alt=\"\" class=\"wp-image-5000\" srcset=\"https:\/\/familie-woehl.de\/wp-content\/uploads\/2024\/05\/s-l1600-2-1012x1024.jpg 1012w, https:\/\/familie-woehl.de\/wp-content\/uploads\/2024\/05\/s-l1600-2-296x300.jpg 296w, https:\/\/familie-woehl.de\/wp-content\/uploads\/2024\/05\/s-l1600-2-148x150.jpg 148w, https:\/\/familie-woehl.de\/wp-content\/uploads\/2024\/05\/s-l1600-2-768x777.jpg 768w, https:\/\/familie-woehl.de\/wp-content\/uploads\/2024\/05\/s-l1600-2-1518x1536.jpg 1518w, https:\/\/familie-woehl.de\/wp-content\/uploads\/2024\/05\/s-l1600-2.jpg 1581w\" sizes=\"auto, (max-width: 1012px) 100vw, 1012px\" \/><\/a><figcaption class=\"wp-element-caption\"><strong>Vierchen, 1400-1450, Stadt Stettin, <\/strong>R\u00fcckseite<\/figcaption><\/figure>\n\n\n\n<figure class=\"wp-block-image size-large\"><img loading=\"lazy\" decoding=\"async\" width=\"300\" height=\"300\" data-id=\"5324\" src=\"https:\/\/familie-woehl.de\/wp-content\/uploads\/2024\/04\/WilhelmII__249-1.jpg\" alt=\"\" class=\"wp-image-5324\" srcset=\"https:\/\/familie-woehl.de\/wp-content\/uploads\/2024\/04\/WilhelmII__249-1.jpg 300w, https:\/\/familie-woehl.de\/wp-content\/uploads\/2024\/04\/WilhelmII__249-1-150x150.jpg 150w\" sizes=\"auto, (max-width: 300px) 100vw, 300px\" \/><figcaption class=\"wp-element-caption\">10 Mark Kaiserreich 1889 Preussen Wilhelm II Jaeger 249 Vorderseite<\/figcaption><\/figure>\n\n\n\n<figure class=\"wp-block-image size-large\"><img loading=\"lazy\" decoding=\"async\" width=\"300\" height=\"300\" data-id=\"5326\" src=\"https:\/\/familie-woehl.de\/wp-content\/uploads\/2024\/04\/WilhelmII__249-2.jpg\" alt=\"\" class=\"wp-image-5326\" srcset=\"https:\/\/familie-woehl.de\/wp-content\/uploads\/2024\/04\/WilhelmII__249-2.jpg 300w, https:\/\/familie-woehl.de\/wp-content\/uploads\/2024\/04\/WilhelmII__249-2-150x150.jpg 150w\" sizes=\"auto, (max-width: 300px) 100vw, 300px\" \/><figcaption class=\"wp-element-caption\">10 Mark Kaiserreich 1889 Preussen Wilhelm II Jaeger 249 R\u00fcckseite<\/figcaption><\/figure>\n<\/figure>\n","protected":false},"excerpt":{"rendered":"<p>In der Familie war es immer wichtig, f\u00fcr Notzeiten \u00fcber einen sogenannte Notgroschen zu verf\u00fcgen. Nun ist eine in Stettin unter schwedischer Verwaltung gepr\u00e4gte M\u00fcnze (1\/48 Taler) aus dem Jahr 1661 aufgetaucht, die m\u00f6glicherweise Teil des Notgroschens der in Salesker Strand lebenden Vorfahren gewesen war. Zu dem Notgroschen geh\u00f6rte stets auch eine Goldm\u00fcnze \u00fcber 10 &hellip; <a href=\"https:\/\/familie-woehl.de\/?p=4959\" class=\"more-link\"><span class=\"screen-reader-text\">M\u00fcnze des Familien-Notgroschens aufgetaucht?<\/span> weiterlesen<\/a><\/p>\n","protected":false},"author":1,"featured_media":4960,"comment_status":"closed","ping_status":"closed","sticky":false,"template":"","format":"standard","meta":{"footnotes":""},"categories":[1],"tags":[],"class_list":["post-4959","post","type-post","status-publish","format-standard","has-post-thumbnail","hentry","category-uncategorized"],"_links":{"self":[{"href":"https:\/\/familie-woehl.de\/index.php?rest_route=\/wp\/v2\/posts\/4959","targetHints":{"allow":["GET"]}}],"collection":[{"href":"https:\/\/familie-woehl.de\/index.php?rest_route=\/wp\/v2\/posts"}],"about":[{"href":"https:\/\/familie-woehl.de\/index.php?rest_route=\/wp\/v2\/types\/post"}],"author":[{"embeddable":true,"href":"https:\/\/familie-woehl.de\/index.php?rest_route=\/wp\/v2\/users\/1"}],"replies":[{"embeddable":true,"href":"https:\/\/familie-woehl.de\/index.php?rest_route=%2Fwp%2Fv2%2Fcomments&post=4959"}],"version-history":[{"count":10,"href":"https:\/\/familie-woehl.de\/index.php?rest_route=\/wp\/v2\/posts\/4959\/revisions"}],"predecessor-version":[{"id":5329,"href":"https:\/\/familie-woehl.de\/index.php?rest_route=\/wp\/v2\/posts\/4959\/revisions\/5329"}],"wp:featuredmedia":[{"embeddable":true,"href":"https:\/\/familie-woehl.de\/index.php?rest_route=\/wp\/v2\/media\/4960"}],"wp:attachment":[{"href":"https:\/\/familie-woehl.de\/index.php?rest_route=%2Fwp%2Fv2%2Fmedia&parent=4959"}],"wp:term":[{"taxonomy":"category","embeddable":true,"href":"https:\/\/familie-woehl.de\/index.php?rest_route=%2Fwp%2Fv2%2Fcategories&post=4959"},{"taxonomy":"post_tag","embeddable":true,"href":"https:\/\/familie-woehl.de\/index.php?rest_route=%2Fwp%2Fv2%2Ftags&post=4959"}],"curies":[{"name":"wp","href":"https:\/\/api.w.org\/{rel}","templated":true}]}}