{"id":5086,"date":"2024-11-30T15:50:45","date_gmt":"2024-11-30T15:50:45","guid":{"rendered":"https:\/\/familie-woehl.de\/?p=5086"},"modified":"2024-12-21T19:15:04","modified_gmt":"2024-12-21T19:15:04","slug":"adventskalender-2024","status":"publish","type":"post","link":"https:\/\/familie-woehl.de\/?p=5086","title":{"rendered":"Adventskalender 2024"},"content":{"rendered":"\n<p>Auch in diesem Jahr haben unsere Enkelkinder einen digitalen  Adventskalender mit sch\u00f6nen Zeichnungen und zugeh\u00f6rigen Geschichten f\u00fcr die Tage bis Weihnachten vorbereitet:<\/p>\n\n\n\n<figure class=\"wp-block-gallery has-nested-images columns-2 is-cropped wp-block-gallery-1 is-layout-flex wp-block-gallery-is-layout-flex\">\n<figure class=\"wp-block-image size-large\"><a href=\"https:\/\/familie-woehl.de\/wp-content\/uploads\/2024\/12\/1.mp4\"><img loading=\"lazy\" decoding=\"async\" width=\"1024\" height=\"717\" data-id=\"5132\" src=\"https:\/\/familie-woehl.de\/wp-content\/uploads\/2024\/12\/Tag01-1024x717.jpg\" alt=\"\" class=\"wp-image-5132\" srcset=\"https:\/\/familie-woehl.de\/wp-content\/uploads\/2024\/12\/Tag01-1024x717.jpg 1024w, https:\/\/familie-woehl.de\/wp-content\/uploads\/2024\/12\/Tag01-300x210.jpg 300w, https:\/\/familie-woehl.de\/wp-content\/uploads\/2024\/12\/Tag01-150x105.jpg 150w, https:\/\/familie-woehl.de\/wp-content\/uploads\/2024\/12\/Tag01-768x538.jpg 768w, https:\/\/familie-woehl.de\/wp-content\/uploads\/2024\/12\/Tag01.jpg 1147w\" sizes=\"auto, (max-width: 1024px) 100vw, 1024px\" \/><\/a><figcaption class=\"wp-element-caption\"><strong><mark style=\"background-color:rgba(0, 0, 0, 0)\" class=\"has-inline-color has-dark-gray-color\">Tag 1: Paula erz\u00e4hlt<\/mark><\/strong><\/figcaption><\/figure>\n\n\n\n<figure class=\"wp-block-image size-large\"><a href=\"https:\/\/familie-woehl.de\/wp-content\/uploads\/2024\/12\/2.mp4\"><img loading=\"lazy\" decoding=\"async\" width=\"1024\" height=\"744\" data-id=\"5139\" src=\"https:\/\/familie-woehl.de\/wp-content\/uploads\/2024\/12\/Tag02-1024x744.jpg\" alt=\"\" class=\"wp-image-5139\" srcset=\"https:\/\/familie-woehl.de\/wp-content\/uploads\/2024\/12\/Tag02-1024x744.jpg 1024w, https:\/\/familie-woehl.de\/wp-content\/uploads\/2024\/12\/Tag02-300x218.jpg 300w, https:\/\/familie-woehl.de\/wp-content\/uploads\/2024\/12\/Tag02-150x109.jpg 150w, https:\/\/familie-woehl.de\/wp-content\/uploads\/2024\/12\/Tag02-768x558.jpg 768w, https:\/\/familie-woehl.de\/wp-content\/uploads\/2024\/12\/Tag02-1536x1116.jpg 1536w, https:\/\/familie-woehl.de\/wp-content\/uploads\/2024\/12\/Tag02-2048x1488.jpg 2048w\" sizes=\"auto, (max-width: 1024px) 100vw, 1024px\" \/><\/a><figcaption class=\"wp-element-caption\"><strong><mark style=\"background-color:rgba(0, 0, 0, 0)\" class=\"has-inline-color has-dark-gray-color\">Tag 2: Mattis erz\u00e4hlt weiter<\/mark><\/strong><\/figcaption><\/figure>\n\n\n\n<figure class=\"wp-block-image size-large\"><a href=\"https:\/\/familie-woehl.de\/wp-content\/uploads\/2024\/12\/3.mp4\"><img loading=\"lazy\" decoding=\"async\" width=\"1024\" height=\"744\" data-id=\"5145\" src=\"https:\/\/familie-woehl.de\/wp-content\/uploads\/2024\/12\/Tag03-1024x744.jpg\" alt=\"\" class=\"wp-image-5145\" srcset=\"https:\/\/familie-woehl.de\/wp-content\/uploads\/2024\/12\/Tag03-1024x744.jpg 1024w, https:\/\/familie-woehl.de\/wp-content\/uploads\/2024\/12\/Tag03-300x218.jpg 300w, https:\/\/familie-woehl.de\/wp-content\/uploads\/2024\/12\/Tag03-150x109.jpg 150w, https:\/\/familie-woehl.de\/wp-content\/uploads\/2024\/12\/Tag03-768x558.jpg 768w, https:\/\/familie-woehl.de\/wp-content\/uploads\/2024\/12\/Tag03-1536x1116.jpg 1536w, https:\/\/familie-woehl.de\/wp-content\/uploads\/2024\/12\/Tag03-2048x1488.jpg 2048w\" sizes=\"auto, (max-width: 1024px) 100vw, 1024px\" \/><\/a><figcaption class=\"wp-element-caption\"><mark style=\"background-color:rgba(0, 0, 0, 0)\" class=\"has-inline-color has-dark-gray-color\">Tag 3: Anton erz\u00e4hlt<\/mark><\/figcaption><\/figure>\n\n\n\n<figure class=\"wp-block-image size-large\"><a href=\"https:\/\/familie-woehl.de\/wp-content\/uploads\/2024\/12\/4.mp4\"><img loading=\"lazy\" decoding=\"async\" width=\"1024\" height=\"753\" data-id=\"5154\" src=\"https:\/\/familie-woehl.de\/wp-content\/uploads\/2024\/12\/Tag04-1024x753.jpg\" alt=\"\" class=\"wp-image-5154\" srcset=\"https:\/\/familie-woehl.de\/wp-content\/uploads\/2024\/12\/Tag04-1024x753.jpg 1024w, https:\/\/familie-woehl.de\/wp-content\/uploads\/2024\/12\/Tag04-300x221.jpg 300w, https:\/\/familie-woehl.de\/wp-content\/uploads\/2024\/12\/Tag04-150x110.jpg 150w, https:\/\/familie-woehl.de\/wp-content\/uploads\/2024\/12\/Tag04-768x565.jpg 768w, https:\/\/familie-woehl.de\/wp-content\/uploads\/2024\/12\/Tag04-1536x1130.jpg 1536w, https:\/\/familie-woehl.de\/wp-content\/uploads\/2024\/12\/Tag04-2048x1507.jpg 2048w\" sizes=\"auto, (max-width: 1024px) 100vw, 1024px\" \/><\/a><figcaption class=\"wp-element-caption\"><strong><mark style=\"background-color:rgba(0, 0, 0, 0)\" class=\"has-inline-color has-dark-gray-color\">Tag 4: Marlon wei\u00df, wie es weiter geht<\/mark><\/strong><\/figcaption><\/figure>\n\n\n\n<figure class=\"wp-block-image size-large\"><a href=\"https:\/\/familie-woehl.de\/wp-content\/uploads\/2024\/12\/5.mp4\"><img loading=\"lazy\" decoding=\"async\" width=\"1024\" height=\"735\" data-id=\"5170\" src=\"https:\/\/familie-woehl.de\/wp-content\/uploads\/2024\/12\/Tag05-1024x735.jpg\" alt=\"\" class=\"wp-image-5170\" srcset=\"https:\/\/familie-woehl.de\/wp-content\/uploads\/2024\/12\/Tag05-1024x735.jpg 1024w, https:\/\/familie-woehl.de\/wp-content\/uploads\/2024\/12\/Tag05-300x215.jpg 300w, https:\/\/familie-woehl.de\/wp-content\/uploads\/2024\/12\/Tag05-150x108.jpg 150w, https:\/\/familie-woehl.de\/wp-content\/uploads\/2024\/12\/Tag05-768x551.jpg 768w, https:\/\/familie-woehl.de\/wp-content\/uploads\/2024\/12\/Tag05-1536x1103.jpg 1536w, https:\/\/familie-woehl.de\/wp-content\/uploads\/2024\/12\/Tag05-2048x1470.jpg 2048w\" sizes=\"auto, (max-width: 1024px) 100vw, 1024px\" \/><\/a><figcaption class=\"wp-element-caption\"><strong><mark style=\"background-color:rgba(0, 0, 0, 0)\" class=\"has-inline-color has-dark-gray-color\">Tag 5: Fortsetzung mit Simon<\/mark><\/strong><\/figcaption><\/figure>\n\n\n\n<figure class=\"wp-block-image size-large\"><a href=\"https:\/\/familie-woehl.de\/wp-content\/uploads\/2024\/12\/6.mp4\"><img loading=\"lazy\" decoding=\"async\" width=\"1024\" height=\"738\" data-id=\"5194\" src=\"https:\/\/familie-woehl.de\/wp-content\/uploads\/2024\/12\/Tag06-1024x738.jpg\" alt=\"\" class=\"wp-image-5194\" srcset=\"https:\/\/familie-woehl.de\/wp-content\/uploads\/2024\/12\/Tag06-1024x738.jpg 1024w, https:\/\/familie-woehl.de\/wp-content\/uploads\/2024\/12\/Tag06-300x216.jpg 300w, https:\/\/familie-woehl.de\/wp-content\/uploads\/2024\/12\/Tag06-150x108.jpg 150w, https:\/\/familie-woehl.de\/wp-content\/uploads\/2024\/12\/Tag06-768x553.jpg 768w, https:\/\/familie-woehl.de\/wp-content\/uploads\/2024\/12\/Tag06-1536x1106.jpg 1536w, https:\/\/familie-woehl.de\/wp-content\/uploads\/2024\/12\/Tag06-2048x1475.jpg 2048w\" sizes=\"auto, (max-width: 1024px) 100vw, 1024px\" \/><\/a><figcaption class=\"wp-element-caption\"><strong><mark style=\"background-color:rgba(0, 0, 0, 0)\" class=\"has-inline-color has-dark-gray-color\">Tag 6: weiter mit Anni und Insa<\/mark><\/strong><\/figcaption><\/figure>\n\n\n\n<figure class=\"wp-block-image size-large\"><a href=\"https:\/\/familie-woehl.de\/wp-content\/uploads\/2024\/12\/7.mp4\"><img loading=\"lazy\" decoding=\"async\" width=\"1024\" height=\"732\" data-id=\"5196\" src=\"https:\/\/familie-woehl.de\/wp-content\/uploads\/2024\/12\/Tag07-1024x732.jpg\" alt=\"\" class=\"wp-image-5196\" srcset=\"https:\/\/familie-woehl.de\/wp-content\/uploads\/2024\/12\/Tag07-1024x732.jpg 1024w, https:\/\/familie-woehl.de\/wp-content\/uploads\/2024\/12\/Tag07-300x214.jpg 300w, https:\/\/familie-woehl.de\/wp-content\/uploads\/2024\/12\/Tag07-150x107.jpg 150w, https:\/\/familie-woehl.de\/wp-content\/uploads\/2024\/12\/Tag07-768x549.jpg 768w, https:\/\/familie-woehl.de\/wp-content\/uploads\/2024\/12\/Tag07-1536x1098.jpg 1536w, https:\/\/familie-woehl.de\/wp-content\/uploads\/2024\/12\/Tag07-2048x1464.jpg 2048w\" sizes=\"auto, (max-width: 1024px) 100vw, 1024px\" \/><\/a><figcaption class=\"wp-element-caption\"><strong><mark style=\"background-color:rgba(0, 0, 0, 0)\" class=\"has-inline-color has-dark-gray-color\">Tag 7: Marie und Julius berichten \u00fcber die n\u00e4chste gute Tat<\/mark><\/strong><\/figcaption><\/figure>\n\n\n\n<figure class=\"wp-block-image size-large\"><a href=\"https:\/\/familie-woehl.de\/wp-content\/uploads\/2024\/12\/8.mp4\"><img loading=\"lazy\" decoding=\"async\" width=\"1024\" height=\"730\" data-id=\"5205\" src=\"https:\/\/familie-woehl.de\/wp-content\/uploads\/2024\/12\/Tag08-1024x730.jpg\" alt=\"\" class=\"wp-image-5205\" srcset=\"https:\/\/familie-woehl.de\/wp-content\/uploads\/2024\/12\/Tag08-1024x730.jpg 1024w, https:\/\/familie-woehl.de\/wp-content\/uploads\/2024\/12\/Tag08-300x214.jpg 300w, https:\/\/familie-woehl.de\/wp-content\/uploads\/2024\/12\/Tag08-150x107.jpg 150w, https:\/\/familie-woehl.de\/wp-content\/uploads\/2024\/12\/Tag08-768x548.jpg 768w, https:\/\/familie-woehl.de\/wp-content\/uploads\/2024\/12\/Tag08-1536x1095.jpg 1536w, https:\/\/familie-woehl.de\/wp-content\/uploads\/2024\/12\/Tag08-2048x1461.jpg 2048w\" sizes=\"auto, (max-width: 1024px) 100vw, 1024px\" \/><\/a><figcaption class=\"wp-element-caption\"><strong><mark style=\"background-color:rgba(0, 0, 0, 0)\" class=\"has-inline-color has-dark-gray-color\">Tag 8: Insa kennt die n\u00e4chste Hexengeschichte<\/mark><\/strong><\/figcaption><\/figure>\n\n\n\n<figure class=\"wp-block-image size-large\"><a href=\"https:\/\/familie-woehl.de\/wp-content\/uploads\/2024\/12\/9.mp4\"><img loading=\"lazy\" decoding=\"async\" width=\"1024\" height=\"723\" data-id=\"5213\" src=\"https:\/\/familie-woehl.de\/wp-content\/uploads\/2024\/12\/Tag09-1024x723.jpg\" alt=\"\" class=\"wp-image-5213\" srcset=\"https:\/\/familie-woehl.de\/wp-content\/uploads\/2024\/12\/Tag09-1024x723.jpg 1024w, https:\/\/familie-woehl.de\/wp-content\/uploads\/2024\/12\/Tag09-300x212.jpg 300w, https:\/\/familie-woehl.de\/wp-content\/uploads\/2024\/12\/Tag09-150x106.jpg 150w, https:\/\/familie-woehl.de\/wp-content\/uploads\/2024\/12\/Tag09-768x542.jpg 768w, https:\/\/familie-woehl.de\/wp-content\/uploads\/2024\/12\/Tag09-1536x1084.jpg 1536w, https:\/\/familie-woehl.de\/wp-content\/uploads\/2024\/12\/Tag09-2048x1446.jpg 2048w\" sizes=\"auto, (max-width: 1024px) 100vw, 1024px\" \/><\/a><figcaption class=\"wp-element-caption\"><strong><mark style=\"background-color:rgba(0, 0, 0, 0)\" class=\"has-inline-color has-dark-gray-color\">Tag 9: Paula erz\u00e4hlt weiter<\/mark><\/strong><\/figcaption><\/figure>\n\n\n\n<figure class=\"wp-block-image size-large\"><a href=\"https:\/\/familie-woehl.de\/wp-content\/uploads\/2024\/12\/10.mp4\"><img loading=\"lazy\" decoding=\"async\" width=\"1024\" height=\"739\" data-id=\"5220\" src=\"https:\/\/familie-woehl.de\/wp-content\/uploads\/2024\/12\/Tag10-1024x739.jpg\" alt=\"\" class=\"wp-image-5220\" srcset=\"https:\/\/familie-woehl.de\/wp-content\/uploads\/2024\/12\/Tag10-1024x739.jpg 1024w, https:\/\/familie-woehl.de\/wp-content\/uploads\/2024\/12\/Tag10-300x216.jpg 300w, https:\/\/familie-woehl.de\/wp-content\/uploads\/2024\/12\/Tag10-150x108.jpg 150w, https:\/\/familie-woehl.de\/wp-content\/uploads\/2024\/12\/Tag10-768x554.jpg 768w, https:\/\/familie-woehl.de\/wp-content\/uploads\/2024\/12\/Tag10-1536x1108.jpg 1536w, https:\/\/familie-woehl.de\/wp-content\/uploads\/2024\/12\/Tag10-2048x1478.jpg 2048w\" sizes=\"auto, (max-width: 1024px) 100vw, 1024px\" \/><\/a><figcaption class=\"wp-element-caption\"><strong><mark style=\"background-color:rgba(0, 0, 0, 0)\" class=\"has-inline-color has-dark-gray-color\">Tag 10: Heute ist wieder Mattis dran<\/mark><\/strong><\/figcaption><\/figure>\n\n\n\n<figure class=\"wp-block-image size-large\"><a href=\"https:\/\/familie-woehl.de\/wp-content\/uploads\/2024\/12\/11.mp4\"><img loading=\"lazy\" decoding=\"async\" width=\"1024\" height=\"725\" data-id=\"5229\" src=\"https:\/\/familie-woehl.de\/wp-content\/uploads\/2024\/12\/Tag11-1024x725.jpg\" alt=\"\" class=\"wp-image-5229\" srcset=\"https:\/\/familie-woehl.de\/wp-content\/uploads\/2024\/12\/Tag11-1024x725.jpg 1024w, https:\/\/familie-woehl.de\/wp-content\/uploads\/2024\/12\/Tag11-300x212.jpg 300w, https:\/\/familie-woehl.de\/wp-content\/uploads\/2024\/12\/Tag11-150x106.jpg 150w, https:\/\/familie-woehl.de\/wp-content\/uploads\/2024\/12\/Tag11-768x544.jpg 768w, https:\/\/familie-woehl.de\/wp-content\/uploads\/2024\/12\/Tag11-1536x1087.jpg 1536w, https:\/\/familie-woehl.de\/wp-content\/uploads\/2024\/12\/Tag11-2048x1450.jpg 2048w\" sizes=\"auto, (max-width: 1024px) 100vw, 1024px\" \/><\/a><figcaption class=\"wp-element-caption\"><strong><mark style=\"background-color:rgba(0, 0, 0, 0)\" class=\"has-inline-color has-dark-gray-color\">Tag 11: Anton setzt die Geschichte fort<\/mark><\/strong><\/figcaption><\/figure>\n\n\n\n<figure class=\"wp-block-image size-large\"><a href=\"https:\/\/familie-woehl.de\/wp-content\/uploads\/2024\/12\/12.mp4\"><img loading=\"lazy\" decoding=\"async\" width=\"1024\" height=\"732\" data-id=\"5247\" src=\"https:\/\/familie-woehl.de\/wp-content\/uploads\/2024\/12\/Tag12-1024x732.jpg\" alt=\"\" class=\"wp-image-5247\" srcset=\"https:\/\/familie-woehl.de\/wp-content\/uploads\/2024\/12\/Tag12-1024x732.jpg 1024w, https:\/\/familie-woehl.de\/wp-content\/uploads\/2024\/12\/Tag12-300x214.jpg 300w, https:\/\/familie-woehl.de\/wp-content\/uploads\/2024\/12\/Tag12-150x107.jpg 150w, https:\/\/familie-woehl.de\/wp-content\/uploads\/2024\/12\/Tag12-768x549.jpg 768w, https:\/\/familie-woehl.de\/wp-content\/uploads\/2024\/12\/Tag12-1536x1098.jpg 1536w, https:\/\/familie-woehl.de\/wp-content\/uploads\/2024\/12\/Tag12-2048x1464.jpg 2048w\" sizes=\"auto, (max-width: 1024px) 100vw, 1024px\" \/><\/a><figcaption class=\"wp-element-caption\"><strong><mark style=\"background-color:rgba(0, 0, 0, 0)\" class=\"has-inline-color has-dark-gray-color\">Tag 12: Mit Marlon geht es im Weltraum weiter<\/mark><\/strong><\/figcaption><\/figure>\n\n\n\n<figure class=\"wp-block-image size-large\"><a href=\"https:\/\/familie-woehl.de\/wp-content\/uploads\/2024\/12\/13.mp4\"><img loading=\"lazy\" decoding=\"async\" width=\"1024\" height=\"735\" data-id=\"5248\" src=\"https:\/\/familie-woehl.de\/wp-content\/uploads\/2024\/12\/Tag13-1024x735.jpg\" alt=\"\" class=\"wp-image-5248\" srcset=\"https:\/\/familie-woehl.de\/wp-content\/uploads\/2024\/12\/Tag13-1024x735.jpg 1024w, https:\/\/familie-woehl.de\/wp-content\/uploads\/2024\/12\/Tag13-300x215.jpg 300w, https:\/\/familie-woehl.de\/wp-content\/uploads\/2024\/12\/Tag13-150x108.jpg 150w, https:\/\/familie-woehl.de\/wp-content\/uploads\/2024\/12\/Tag13-768x551.jpg 768w, https:\/\/familie-woehl.de\/wp-content\/uploads\/2024\/12\/Tag13-1536x1103.jpg 1536w, https:\/\/familie-woehl.de\/wp-content\/uploads\/2024\/12\/Tag13-2048x1471.jpg 2048w\" sizes=\"auto, (max-width: 1024px) 100vw, 1024px\" \/><\/a><figcaption class=\"wp-element-caption\"><strong><mark style=\"background-color:rgba(0, 0, 0, 0)\" class=\"has-inline-color has-dark-gray-color\">Tag 13: R\u00fcckkehr zur Erde mit Simon<\/mark><\/strong><\/figcaption><\/figure>\n\n\n\n<figure class=\"wp-block-image size-large\"><a href=\"https:\/\/familie-woehl.de\/wp-content\/uploads\/2024\/12\/14.mp4\"><img loading=\"lazy\" decoding=\"async\" width=\"1024\" height=\"732\" data-id=\"5258\" src=\"https:\/\/familie-woehl.de\/wp-content\/uploads\/2024\/12\/Tag14-1024x732.jpg\" alt=\"\" class=\"wp-image-5258\" srcset=\"https:\/\/familie-woehl.de\/wp-content\/uploads\/2024\/12\/Tag14-1024x732.jpg 1024w, https:\/\/familie-woehl.de\/wp-content\/uploads\/2024\/12\/Tag14-300x214.jpg 300w, https:\/\/familie-woehl.de\/wp-content\/uploads\/2024\/12\/Tag14-150x107.jpg 150w, https:\/\/familie-woehl.de\/wp-content\/uploads\/2024\/12\/Tag14-768x549.jpg 768w, https:\/\/familie-woehl.de\/wp-content\/uploads\/2024\/12\/Tag14-1536x1098.jpg 1536w, https:\/\/familie-woehl.de\/wp-content\/uploads\/2024\/12\/Tag14-2048x1464.jpg 2048w\" sizes=\"auto, (max-width: 1024px) 100vw, 1024px\" \/><\/a><figcaption class=\"wp-element-caption\"><strong><mark style=\"background-color:rgba(0, 0, 0, 0)\" class=\"has-inline-color has-dark-gray-color\">Tag 14: Insa denkt \u00fcber die Hexennachfolge nach<\/mark><\/strong><\/figcaption><\/figure>\n\n\n\n<figure class=\"wp-block-image size-large\"><a href=\"https:\/\/familie-woehl.de\/wp-content\/uploads\/2024\/12\/15.mp4\"><img loading=\"lazy\" decoding=\"async\" width=\"1024\" height=\"732\" data-id=\"5265\" src=\"https:\/\/familie-woehl.de\/wp-content\/uploads\/2024\/12\/Tag15-1024x732.jpg\" alt=\"\" class=\"wp-image-5265\" srcset=\"https:\/\/familie-woehl.de\/wp-content\/uploads\/2024\/12\/Tag15-1024x732.jpg 1024w, https:\/\/familie-woehl.de\/wp-content\/uploads\/2024\/12\/Tag15-300x214.jpg 300w, https:\/\/familie-woehl.de\/wp-content\/uploads\/2024\/12\/Tag15-150x107.jpg 150w, https:\/\/familie-woehl.de\/wp-content\/uploads\/2024\/12\/Tag15-768x549.jpg 768w, https:\/\/familie-woehl.de\/wp-content\/uploads\/2024\/12\/Tag15-1536x1098.jpg 1536w, https:\/\/familie-woehl.de\/wp-content\/uploads\/2024\/12\/Tag15-2048x1464.jpg 2048w\" sizes=\"auto, (max-width: 1024px) 100vw, 1024px\" \/><\/a><figcaption class=\"wp-element-caption\"><strong><mark>Tag 15: F\u00fcr Marie und Julius gibt es derzeit Wichtigeres als die Hexennachfolge<\/mark><\/strong><\/figcaption><\/figure>\n\n\n\n<figure class=\"wp-block-image size-large\"><a href=\"https:\/\/familie-woehl.de\/wp-content\/uploads\/2024\/12\/16.mp4\"><img loading=\"lazy\" decoding=\"async\" width=\"1024\" height=\"732\" data-id=\"5266\" src=\"https:\/\/familie-woehl.de\/wp-content\/uploads\/2024\/12\/Tag16-1024x732.jpg\" alt=\"\" class=\"wp-image-5266\" srcset=\"https:\/\/familie-woehl.de\/wp-content\/uploads\/2024\/12\/Tag16-1024x732.jpg 1024w, https:\/\/familie-woehl.de\/wp-content\/uploads\/2024\/12\/Tag16-300x214.jpg 300w, https:\/\/familie-woehl.de\/wp-content\/uploads\/2024\/12\/Tag16-150x107.jpg 150w, https:\/\/familie-woehl.de\/wp-content\/uploads\/2024\/12\/Tag16-768x549.jpg 768w, https:\/\/familie-woehl.de\/wp-content\/uploads\/2024\/12\/Tag16-1536x1098.jpg 1536w, https:\/\/familie-woehl.de\/wp-content\/uploads\/2024\/12\/Tag16-2048x1464.jpg 2048w\" sizes=\"auto, (max-width: 1024px) 100vw, 1024px\" \/><\/a><figcaption class=\"wp-element-caption\"><strong><mark>Tag 16: F\u00fcr Insa gibt es weiterhin nichts Wichtigeres als die Hexennachfolge<\/mark><\/strong><\/figcaption><\/figure>\n\n\n\n<figure class=\"wp-block-image size-large\"><a href=\"https:\/\/familie-woehl.de\/wp-content\/uploads\/2024\/12\/17.mp4\"><img loading=\"lazy\" decoding=\"async\" width=\"1024\" height=\"732\" data-id=\"5278\" src=\"https:\/\/familie-woehl.de\/wp-content\/uploads\/2024\/12\/Tag17-1024x732.jpg\" alt=\"\" class=\"wp-image-5278\" srcset=\"https:\/\/familie-woehl.de\/wp-content\/uploads\/2024\/12\/Tag17-1024x732.jpg 1024w, https:\/\/familie-woehl.de\/wp-content\/uploads\/2024\/12\/Tag17-300x214.jpg 300w, https:\/\/familie-woehl.de\/wp-content\/uploads\/2024\/12\/Tag17-150x107.jpg 150w, https:\/\/familie-woehl.de\/wp-content\/uploads\/2024\/12\/Tag17-768x549.jpg 768w, https:\/\/familie-woehl.de\/wp-content\/uploads\/2024\/12\/Tag17-1536x1098.jpg 1536w, https:\/\/familie-woehl.de\/wp-content\/uploads\/2024\/12\/Tag17-2048x1464.jpg 2048w\" sizes=\"auto, (max-width: 1024px) 100vw, 1024px\" \/><\/a><figcaption class=\"wp-element-caption\"><strong><mark style=\"background-color:rgba(0, 0, 0, 0)\" class=\"has-inline-color has-dark-gray-color\">Tag 17: Paula erz\u00e4hlt von der Hexenpr\u00fcfung und der Monsterhotelnachfolge<\/mark><\/strong><\/figcaption><\/figure>\n\n\n\n<figure class=\"wp-block-image size-large\"><a href=\"https:\/\/familie-woehl.de\/wp-content\/uploads\/2024\/12\/Tag18-scaled.jpg\"><img loading=\"lazy\" decoding=\"async\" width=\"1024\" height=\"732\" data-id=\"5286\" src=\"https:\/\/familie-woehl.de\/wp-content\/uploads\/2024\/12\/Tag18-1024x732.jpg\" alt=\"\" class=\"wp-image-5286\" srcset=\"https:\/\/familie-woehl.de\/wp-content\/uploads\/2024\/12\/Tag18-1024x732.jpg 1024w, https:\/\/familie-woehl.de\/wp-content\/uploads\/2024\/12\/Tag18-300x214.jpg 300w, https:\/\/familie-woehl.de\/wp-content\/uploads\/2024\/12\/Tag18-150x107.jpg 150w, https:\/\/familie-woehl.de\/wp-content\/uploads\/2024\/12\/Tag18-768x549.jpg 768w, https:\/\/familie-woehl.de\/wp-content\/uploads\/2024\/12\/Tag18-1536x1098.jpg 1536w, https:\/\/familie-woehl.de\/wp-content\/uploads\/2024\/12\/Tag18-2048x1464.jpg 2048w\" sizes=\"auto, (max-width: 1024px) 100vw, 1024px\" \/><\/a><figcaption class=\"wp-element-caption\"><strong><mark style=\"background-color:rgba(0, 0, 0, 0)\" class=\"has-inline-color has-dark-gray-color\">Tag 18: Mattis erz\u00e4hlt weiter vom  sprechenden Zauberbuch <\/mark><\/strong><\/figcaption><\/figure>\n\n\n\n<figure class=\"wp-block-image size-large\"><a href=\"https:\/\/familie-woehl.de\/wp-content\/uploads\/2024\/12\/Tag19-scaled.jpg\"><img loading=\"lazy\" decoding=\"async\" width=\"1024\" height=\"732\" data-id=\"5288\" src=\"https:\/\/familie-woehl.de\/wp-content\/uploads\/2024\/12\/Tag19-1024x732.jpg\" alt=\"\" class=\"wp-image-5288\" srcset=\"https:\/\/familie-woehl.de\/wp-content\/uploads\/2024\/12\/Tag19-1024x732.jpg 1024w, https:\/\/familie-woehl.de\/wp-content\/uploads\/2024\/12\/Tag19-300x214.jpg 300w, https:\/\/familie-woehl.de\/wp-content\/uploads\/2024\/12\/Tag19-150x107.jpg 150w, https:\/\/familie-woehl.de\/wp-content\/uploads\/2024\/12\/Tag19-768x549.jpg 768w, https:\/\/familie-woehl.de\/wp-content\/uploads\/2024\/12\/Tag19-1536x1098.jpg 1536w, https:\/\/familie-woehl.de\/wp-content\/uploads\/2024\/12\/Tag19-2048x1464.jpg 2048w\" sizes=\"auto, (max-width: 1024px) 100vw, 1024px\" \/><\/a><figcaption class=\"wp-element-caption\"><mark style=\"background-color:rgba(0, 0, 0, 0)\" class=\"has-inline-color has-dark-gray-color\">Tag 19: Anton erz\u00e4hlt mehr \u00fcber das geheimnisvolle Zauberbuch<\/mark><\/figcaption><\/figure>\n\n\n\n<figure class=\"wp-block-image size-large\"><a href=\"https:\/\/familie-woehl.de\/wp-content\/uploads\/2024\/12\/Tag20-scaled.jpg\"><img loading=\"lazy\" decoding=\"async\" width=\"1024\" height=\"732\" data-id=\"5295\" src=\"https:\/\/familie-woehl.de\/wp-content\/uploads\/2024\/12\/Tag20-1024x732.jpg\" alt=\"\" class=\"wp-image-5295\" srcset=\"https:\/\/familie-woehl.de\/wp-content\/uploads\/2024\/12\/Tag20-1024x732.jpg 1024w, https:\/\/familie-woehl.de\/wp-content\/uploads\/2024\/12\/Tag20-300x214.jpg 300w, https:\/\/familie-woehl.de\/wp-content\/uploads\/2024\/12\/Tag20-150x107.jpg 150w, https:\/\/familie-woehl.de\/wp-content\/uploads\/2024\/12\/Tag20-768x549.jpg 768w, https:\/\/familie-woehl.de\/wp-content\/uploads\/2024\/12\/Tag20-1536x1098.jpg 1536w, https:\/\/familie-woehl.de\/wp-content\/uploads\/2024\/12\/Tag20-2048x1464.jpg 2048w\" sizes=\"auto, (max-width: 1024px) 100vw, 1024px\" \/><\/a><figcaption class=\"wp-element-caption\"><strong><mark style=\"background-color:rgba(0, 0, 0, 0)\" class=\"has-inline-color has-dark-gray-color\">Tag 20: Marlon erinnert sich an das letztj\u00e4hrige Weihnachtsschaf<\/mark><\/strong><\/figcaption><\/figure>\n\n\n\n<figure class=\"wp-block-image size-large\"><a href=\"https:\/\/familie-woehl.de\/wp-content\/uploads\/2024\/12\/Tag21-1-scaled.jpg\"><img loading=\"lazy\" decoding=\"async\" width=\"1024\" height=\"722\" data-id=\"5306\" src=\"https:\/\/familie-woehl.de\/wp-content\/uploads\/2024\/12\/Tag21-1-1024x722.jpg\" alt=\"\" class=\"wp-image-5306\" srcset=\"https:\/\/familie-woehl.de\/wp-content\/uploads\/2024\/12\/Tag21-1-1024x722.jpg 1024w, https:\/\/familie-woehl.de\/wp-content\/uploads\/2024\/12\/Tag21-1-300x211.jpg 300w, https:\/\/familie-woehl.de\/wp-content\/uploads\/2024\/12\/Tag21-1-150x106.jpg 150w, https:\/\/familie-woehl.de\/wp-content\/uploads\/2024\/12\/Tag21-1-768x541.jpg 768w, https:\/\/familie-woehl.de\/wp-content\/uploads\/2024\/12\/Tag21-1-1536x1083.jpg 1536w, https:\/\/familie-woehl.de\/wp-content\/uploads\/2024\/12\/Tag21-1-2048x1443.jpg 2048w\" sizes=\"auto, (max-width: 1024px) 100vw, 1024px\" \/><\/a><figcaption class=\"wp-element-caption\"><strong><mark style=\"background-color:rgba(0, 0, 0, 0)\" class=\"has-inline-color has-dark-gray-color\">Tag 21: Simon mit neuen Auftr\u00e4gen f\u00fcr Oma und Opa<\/mark><\/strong><\/figcaption><\/figure>\n\n\n\n<figure class=\"wp-block-image size-large\"><a href=\"https:\/\/familie-woehl.de\/wp-content\/uploads\/2024\/12\/22.mp4\"><img loading=\"lazy\" decoding=\"async\" width=\"1024\" height=\"732\" data-id=\"5296\" src=\"https:\/\/familie-woehl.de\/wp-content\/uploads\/2024\/12\/Tag22-1024x732.jpg\" alt=\"\" class=\"wp-image-5296\" srcset=\"https:\/\/familie-woehl.de\/wp-content\/uploads\/2024\/12\/Tag22-1024x732.jpg 1024w, https:\/\/familie-woehl.de\/wp-content\/uploads\/2024\/12\/Tag22-300x214.jpg 300w, https:\/\/familie-woehl.de\/wp-content\/uploads\/2024\/12\/Tag22-150x107.jpg 150w, https:\/\/familie-woehl.de\/wp-content\/uploads\/2024\/12\/Tag22-768x549.jpg 768w, https:\/\/familie-woehl.de\/wp-content\/uploads\/2024\/12\/Tag22-1536x1098.jpg 1536w, https:\/\/familie-woehl.de\/wp-content\/uploads\/2024\/12\/Tag22-2048x1464.jpg 2048w\" sizes=\"auto, (max-width: 1024px) 100vw, 1024px\" \/><\/a><figcaption class=\"wp-element-caption\"><strong><mark style=\"background-color:rgba(0, 0, 0, 0)\" class=\"has-inline-color has-dark-gray-color\">Tag 22:Anni berichtet von der Zerst\u00f6rung von Oma und Opas Haus<\/mark><\/strong><\/figcaption><\/figure>\n\n\n\n<figure class=\"wp-block-image size-large\"><a href=\"https:\/\/familie-woehl.de\/wp-content\/uploads\/2024\/12\/23.mp4\"><img loading=\"lazy\" decoding=\"async\" width=\"1024\" height=\"732\" data-id=\"5305\" src=\"https:\/\/familie-woehl.de\/wp-content\/uploads\/2024\/12\/Tag23-1024x732.jpg\" alt=\"\" class=\"wp-image-5305\" srcset=\"https:\/\/familie-woehl.de\/wp-content\/uploads\/2024\/12\/Tag23-1024x732.jpg 1024w, https:\/\/familie-woehl.de\/wp-content\/uploads\/2024\/12\/Tag23-300x214.jpg 300w, https:\/\/familie-woehl.de\/wp-content\/uploads\/2024\/12\/Tag23-150x107.jpg 150w, https:\/\/familie-woehl.de\/wp-content\/uploads\/2024\/12\/Tag23-768x549.jpg 768w, https:\/\/familie-woehl.de\/wp-content\/uploads\/2024\/12\/Tag23-1536x1098.jpg 1536w, https:\/\/familie-woehl.de\/wp-content\/uploads\/2024\/12\/Tag23-2048x1464.jpg 2048w\" sizes=\"auto, (max-width: 1024px) 100vw, 1024px\" \/><\/a><figcaption class=\"wp-element-caption\"><strong><mark style=\"background-color:rgba(0, 0, 0, 0)\" class=\"has-inline-color has-dark-gray-color\">Tag 23: Julius und Marie berichten  von der n\u00e4chsten guten Tat auf dem M\u00fcnchner Weihnachtsmarkt<\/mark><\/strong><\/figcaption><\/figure>\n\n\n\n<figure class=\"wp-block-image size-large\"><a href=\"https:\/\/familie-woehl.de\/wp-content\/uploads\/2024\/12\/24.mp4\"><img loading=\"lazy\" decoding=\"async\" width=\"1024\" height=\"725\" data-id=\"5308\" src=\"https:\/\/familie-woehl.de\/wp-content\/uploads\/2024\/12\/Tag24-1024x725.jpg\" alt=\"\" class=\"wp-image-5308\" srcset=\"https:\/\/familie-woehl.de\/wp-content\/uploads\/2024\/12\/Tag24-1024x725.jpg 1024w, https:\/\/familie-woehl.de\/wp-content\/uploads\/2024\/12\/Tag24-300x212.jpg 300w, https:\/\/familie-woehl.de\/wp-content\/uploads\/2024\/12\/Tag24-150x106.jpg 150w, https:\/\/familie-woehl.de\/wp-content\/uploads\/2024\/12\/Tag24-768x544.jpg 768w, https:\/\/familie-woehl.de\/wp-content\/uploads\/2024\/12\/Tag24-1536x1087.jpg 1536w, https:\/\/familie-woehl.de\/wp-content\/uploads\/2024\/12\/Tag24-2048x1450.jpg 2048w\" sizes=\"auto, (max-width: 1024px) 100vw, 1024px\" \/><\/a><figcaption class=\"wp-element-caption\"><strong><mark style=\"background-color:rgba(0, 0, 0, 0)\" class=\"has-inline-color has-dark-gray-color\">Tag 24: Insa erz\u00e4hlt von der Weihnachtsfeier im Hexenhaus<\/mark><\/strong><\/figcaption><\/figure>\n<\/figure>\n","protected":false},"excerpt":{"rendered":"<p>Auch in diesem Jahr haben unsere Enkelkinder einen digitalen Adventskalender mit sch\u00f6nen Zeichnungen und zugeh\u00f6rigen Geschichten f\u00fcr die Tage bis Weihnachten vorbereitet:<\/p>\n","protected":false},"author":1,"featured_media":5132,"comment_status":"open","ping_status":"open","sticky":false,"template":"","format":"standard","meta":{"footnotes":""},"categories":[1],"tags":[],"class_list":["post-5086","post","type-post","status-publish","format-standard","has-post-thumbnail","hentry","category-uncategorized"],"_links":{"self":[{"href":"https:\/\/familie-woehl.de\/index.php?rest_route=\/wp\/v2\/posts\/5086","targetHints":{"allow":["GET"]}}],"collection":[{"href":"https:\/\/familie-woehl.de\/index.php?rest_route=\/wp\/v2\/posts"}],"about":[{"href":"https:\/\/familie-woehl.de\/index.php?rest_route=\/wp\/v2\/types\/post"}],"author":[{"embeddable":true,"href":"https:\/\/familie-woehl.de\/index.php?rest_route=\/wp\/v2\/users\/1"}],"replies":[{"embeddable":true,"href":"https:\/\/familie-woehl.de\/index.php?rest_route=%2Fwp%2Fv2%2Fcomments&post=5086"}],"version-history":[{"count":84,"href":"https:\/\/familie-woehl.de\/index.php?rest_route=\/wp\/v2\/posts\/5086\/revisions"}],"predecessor-version":[{"id":5315,"href":"https:\/\/familie-woehl.de\/index.php?rest_route=\/wp\/v2\/posts\/5086\/revisions\/5315"}],"wp:featuredmedia":[{"embeddable":true,"href":"https:\/\/familie-woehl.de\/index.php?rest_route=\/wp\/v2\/media\/5132"}],"wp:attachment":[{"href":"https:\/\/familie-woehl.de\/index.php?rest_route=%2Fwp%2Fv2%2Fmedia&parent=5086"}],"wp:term":[{"taxonomy":"category","embeddable":true,"href":"https:\/\/familie-woehl.de\/index.php?rest_route=%2Fwp%2Fv2%2Fcategories&post=5086"},{"taxonomy":"post_tag","embeddable":true,"href":"https:\/\/familie-woehl.de\/index.php?rest_route=%2Fwp%2Fv2%2Ftags&post=5086"}],"curies":[{"name":"wp","href":"https:\/\/api.w.org\/{rel}","templated":true}]}}